{"id":3776,"date":"2025-08-25T17:13:07","date_gmt":"2025-08-25T14:13:07","guid":{"rendered":"https:\/\/meriseuraturku.fi\/?p=3776"},"modified":"2025-08-25T17:31:30","modified_gmt":"2025-08-25T14:31:30","slug":"granon-talkoot-30-8-25","status":"publish","type":"post","link":"https:\/\/meriseuraturku.fi\/?p=3776","title":{"rendered":"Gran\u00f6n talkoot 30.8.25"},"content":{"rendered":"<p>Seuraavat talkoot ja elotulien juhlinta ovat Gran\u00f6ss\u00e4 lauantaina 30.8.2025.<br \/>\nTalkoolaisille seura tarjoaa ruuaksi nyht\u00f6possupyttipannua.<br \/>\nIlmoitathan tulostasi talkoisiin laittamalla tekstiviestin virkistyksen vet\u00e4j\u00e4lle Marjo M\u00e4kiselle numeroon 040 7229604.<\/p>\n<p style=\"padding-left: 40px;\">Ps. Voit my\u00f6s itse tuoda valoa pimenev\u00e4\u00e4n syysiltaan.<\/p>\n<p><a href=\"https:\/\/meriseuraturku.fi\/?attachment_id=3637\" rel=\"attachment wp-att-3637\"><img loading=\"lazy\" decoding=\"async\" class=\"alignnone size-medium wp-image-3637\" src=\"https:\/\/meriseuraturku.fi\/wp-content\/uploads\/Talkookutsukuva-tekoaly-300x300.jpg\" alt=\"\" width=\"300\" height=\"300\" srcset=\"https:\/\/meriseuraturku.fi\/wp-content\/uploads\/Talkookutsukuva-tekoaly-300x300.jpg 300w, https:\/\/meriseuraturku.fi\/wp-content\/uploads\/Talkookutsukuva-tekoaly-1024x1024.jpg 1024w, https:\/\/meriseuraturku.fi\/wp-content\/uploads\/Talkookutsukuva-tekoaly-150x150.jpg 150w, https:\/\/meriseuraturku.fi\/wp-content\/uploads\/Talkookutsukuva-tekoaly-768x768.jpg 768w, https:\/\/meriseuraturku.fi\/wp-content\/uploads\/Talkookutsukuva-tekoaly-1536x1536.jpg 1536w, https:\/\/meriseuraturku.fi\/wp-content\/uploads\/Talkookutsukuva-tekoaly.jpg 2048w\" sizes=\"auto, (max-width: 300px) 100vw, 300px\" \/><\/a><\/p>\n<p>Kuva tehty teko\u00e4lyll\u00e4.<\/p>\n","protected":false},"excerpt":{"rendered":"<p>Seuraavat talkoot ja elotulien juhlinta ovat Gran\u00f6ss\u00e4 lauantaina 30.8.2025. Talkoolaisille seura tarjoaa ruuaksi nyht\u00f6possupyttipannua. Ilmoitathan tulostasi talkoisiin laittamalla tekstiviestin virkistyksen vet\u00e4j\u00e4lle Marjo M\u00e4kiselle numeroon 040 7229604. Ps. Voit my\u00f6s itse tuoda valoa pimenev\u00e4\u00e4n syysiltaan. Kuva tehty teko\u00e4lyll\u00e4.<\/p>\n","protected":false},"author":13,"featured_media":0,"comment_status":"closed","ping_status":"open","sticky":false,"template":"","format":"standard","meta":{"footnotes":""},"categories":[2,8],"tags":[],"class_list":["post-3776","post","type-post","status-publish","format-standard","hentry","category-jasentiedotteet","category-virkistys"],"_links":{"self":[{"href":"https:\/\/meriseuraturku.fi\/index.php?rest_route=\/wp\/v2\/posts\/3776","targetHints":{"allow":["GET"]}}],"collection":[{"href":"https:\/\/meriseuraturku.fi\/index.php?rest_route=\/wp\/v2\/posts"}],"about":[{"href":"https:\/\/meriseuraturku.fi\/index.php?rest_route=\/wp\/v2\/types\/post"}],"author":[{"embeddable":true,"href":"https:\/\/meriseuraturku.fi\/index.php?rest_route=\/wp\/v2\/users\/13"}],"replies":[{"embeddable":true,"href":"https:\/\/meriseuraturku.fi\/index.php?rest_route=%2Fwp%2Fv2%2Fcomments&post=3776"}],"version-history":[{"count":2,"href":"https:\/\/meriseuraturku.fi\/index.php?rest_route=\/wp\/v2\/posts\/3776\/revisions"}],"predecessor-version":[{"id":3778,"href":"https:\/\/meriseuraturku.fi\/index.php?rest_route=\/wp\/v2\/posts\/3776\/revisions\/3778"}],"wp:attachment":[{"href":"https:\/\/meriseuraturku.fi\/index.php?rest_route=%2Fwp%2Fv2%2Fmedia&parent=3776"}],"wp:term":[{"taxonomy":"category","embeddable":true,"href":"https:\/\/meriseuraturku.fi\/index.php?rest_route=%2Fwp%2Fv2%2Fcategories&post=3776"},{"taxonomy":"post_tag","embeddable":true,"href":"https:\/\/meriseuraturku.fi\/index.php?rest_route=%2Fwp%2Fv2%2Ftags&post=3776"}],"curies":[{"name":"wp","href":"https:\/\/api.w.org\/{rel}","templated":true}]}}