{"id":3645,"date":"2025-05-12T20:08:24","date_gmt":"2025-05-12T17:08:24","guid":{"rendered":"https:\/\/meriseuraturku.fi\/?p=3645"},"modified":"2025-05-12T20:08:24","modified_gmt":"2025-05-12T17:08:24","slug":"pennasin-talkoot-17-5-2025","status":"publish","type":"post","link":"https:\/\/meriseuraturku.fi\/?p=3645","title":{"rendered":"Penn\u00e4sin talkoot 17.5.2025"},"content":{"rendered":"<p>Seuraavat talkoot j\u00e4rjestet\u00e4\u00e4n lauantaina 17.5.25 Penn\u00e4isiss\u00e4.<\/p>\n<p>Tosin n\u00e4iss\u00e4 talkoissa on s\u00e4\u00e4varaus, kun kohde on avoinna l\u00e4nnen puoleisille tuulille. Saari-is\u00e4nt\u00e4 Jussi vahvistaa loppuviikosta toteutuvatko talkoot.<\/p>\n<p>Ilmoitathan omalta osaltasi tulijoiden m\u00e4\u00e4r\u00e4n Jussille tekstiviestill\u00e4 numeroon 050 3532 842, niin h\u00e4n osaa varata riitt\u00e4v\u00e4sti hernekeittoa lisukkeineen tarjolle, kiitos.<\/p>\n<p><a href=\"https:\/\/meriseuraturku.fi\/?attachment_id=3637\" rel=\"attachment wp-att-3637\"><img loading=\"lazy\" decoding=\"async\" class=\"alignnone size-medium wp-image-3637\" src=\"https:\/\/meriseuraturku.fi\/wp-content\/uploads\/Talkookutsukuva-tekoaly-300x300.jpg\" alt=\"\" width=\"300\" height=\"300\" srcset=\"https:\/\/meriseuraturku.fi\/wp-content\/uploads\/Talkookutsukuva-tekoaly-300x300.jpg 300w, https:\/\/meriseuraturku.fi\/wp-content\/uploads\/Talkookutsukuva-tekoaly-1024x1024.jpg 1024w, https:\/\/meriseuraturku.fi\/wp-content\/uploads\/Talkookutsukuva-tekoaly-150x150.jpg 150w, https:\/\/meriseuraturku.fi\/wp-content\/uploads\/Talkookutsukuva-tekoaly-768x768.jpg 768w, https:\/\/meriseuraturku.fi\/wp-content\/uploads\/Talkookutsukuva-tekoaly-1536x1536.jpg 1536w, https:\/\/meriseuraturku.fi\/wp-content\/uploads\/Talkookutsukuva-tekoaly.jpg 2048w\" sizes=\"auto, (max-width: 300px) 100vw, 300px\" \/><\/a><\/p>\n<p>Kuva on tehty teko\u00e4lyll\u00e4<\/p>\n","protected":false},"excerpt":{"rendered":"<p>Seuraavat talkoot j\u00e4rjestet\u00e4\u00e4n lauantaina 17.5.25 Penn\u00e4isiss\u00e4. Tosin n\u00e4iss\u00e4 talkoissa on s\u00e4\u00e4varaus, kun kohde on avoinna l\u00e4nnen puoleisille tuulille. Saari-is\u00e4nt\u00e4 Jussi vahvistaa loppuviikosta toteutuvatko talkoot. Ilmoitathan omalta osaltasi tulijoiden m\u00e4\u00e4r\u00e4n Jussille tekstiviestill\u00e4 numeroon 050 3532 842, niin h\u00e4n osaa varata riitt\u00e4v\u00e4sti hernekeittoa lisukkeineen tarjolle, kiitos. Kuva on tehty teko\u00e4lyll\u00e4<\/p>\n","protected":false},"author":13,"featured_media":0,"comment_status":"closed","ping_status":"open","sticky":false,"template":"","format":"standard","meta":{"footnotes":""},"categories":[2,8],"tags":[],"class_list":["post-3645","post","type-post","status-publish","format-standard","hentry","category-jasentiedotteet","category-virkistys"],"_links":{"self":[{"href":"https:\/\/meriseuraturku.fi\/index.php?rest_route=\/wp\/v2\/posts\/3645","targetHints":{"allow":["GET"]}}],"collection":[{"href":"https:\/\/meriseuraturku.fi\/index.php?rest_route=\/wp\/v2\/posts"}],"about":[{"href":"https:\/\/meriseuraturku.fi\/index.php?rest_route=\/wp\/v2\/types\/post"}],"author":[{"embeddable":true,"href":"https:\/\/meriseuraturku.fi\/index.php?rest_route=\/wp\/v2\/users\/13"}],"replies":[{"embeddable":true,"href":"https:\/\/meriseuraturku.fi\/index.php?rest_route=%2Fwp%2Fv2%2Fcomments&post=3645"}],"version-history":[{"count":1,"href":"https:\/\/meriseuraturku.fi\/index.php?rest_route=\/wp\/v2\/posts\/3645\/revisions"}],"predecessor-version":[{"id":3646,"href":"https:\/\/meriseuraturku.fi\/index.php?rest_route=\/wp\/v2\/posts\/3645\/revisions\/3646"}],"wp:attachment":[{"href":"https:\/\/meriseuraturku.fi\/index.php?rest_route=%2Fwp%2Fv2%2Fmedia&parent=3645"}],"wp:term":[{"taxonomy":"category","embeddable":true,"href":"https:\/\/meriseuraturku.fi\/index.php?rest_route=%2Fwp%2Fv2%2Fcategories&post=3645"},{"taxonomy":"post_tag","embeddable":true,"href":"https:\/\/meriseuraturku.fi\/index.php?rest_route=%2Fwp%2Fv2%2Ftags&post=3645"}],"curies":[{"name":"wp","href":"https:\/\/api.w.org\/{rel}","templated":true}]}}