{"id":3640,"date":"2025-05-07T18:44:35","date_gmt":"2025-05-07T15:44:35","guid":{"rendered":"https:\/\/meriseuraturku.fi\/?p=3640"},"modified":"2025-05-07T18:44:35","modified_gmt":"2025-05-07T15:44:35","slug":"telakka-alueen-jatkosta","status":"publish","type":"post","link":"https:\/\/meriseuraturku.fi\/?p=3640","title":{"rendered":"Telakka-alueen jatkosta"},"content":{"rendered":"<div>Meriseuran hallituksen ja Turun kaupungin v\u00e4liset neuvottelut ensi vuonna katkolle tulevasta telakka-alueen vuokrasopimuksesta ovat edenneet suotuisasti.<\/div>\n<div>\n<div><\/div>\n<div>Keskusteluissa p\u00e4\u00e4dyttiin kokonaisuuteen, jossa telakan maa-alueet pysyv\u00e4t ennnallaan ja telakan edustalta vuokrattavaa vesialuetta pienennet\u00e4\u00e4n. Kuitenkin niin, ett\u00e4 se mahdollistaa nykyisen muotoisen toiminnan ja suunnitellun sis\u00e4\u00e4ntulov\u00e4yl\u00e4n ruoppauksen tulevaisuudessa.<\/div>\n<div><\/div>\n<div>Vuokra tulee n\u00e4ill\u00e4 n\u00e4kymin kohoamaan maltillisesti ja saatamme v\u00e4ltty\u00e4 merkitt\u00e4vilt\u00e4 telakointimaksujen korotuksilta. Lopulliset sopimukset allekirjoitetaan viimeist\u00e4\u00e4n ensi vuoden alussa.<\/div>\n<\/div>\n<div><\/div>\n<div>T. hallitus<\/div>\n","protected":false},"excerpt":{"rendered":"<p>Meriseuran hallituksen ja Turun kaupungin v\u00e4liset neuvottelut ensi vuonna katkolle tulevasta telakka-alueen vuokrasopimuksesta ovat edenneet suotuisasti. Keskusteluissa p\u00e4\u00e4dyttiin kokonaisuuteen, jossa telakan maa-alueet pysyv\u00e4t ennnallaan ja telakan edustalta vuokrattavaa vesialuetta pienennet\u00e4\u00e4n. Kuitenkin niin, ett\u00e4 se mahdollistaa nykyisen muotoisen toiminnan ja suunnitellun sis\u00e4\u00e4ntulov\u00e4yl\u00e4n ruoppauksen tulevaisuudessa. Vuokra tulee n\u00e4ill\u00e4 n\u00e4kymin kohoamaan maltillisesti ja saatamme v\u00e4ltty\u00e4 merkitt\u00e4vilt\u00e4 telakointimaksujen korotuksilta. [&hellip;]<\/p>\n","protected":false},"author":13,"featured_media":0,"comment_status":"closed","ping_status":"open","sticky":false,"template":"","format":"standard","meta":{"footnotes":""},"categories":[2,9,7],"tags":[],"class_list":["post-3640","post","type-post","status-publish","format-standard","hentry","category-jasentiedotteet","category-johtokuntatiedotteet","category-telakka"],"_links":{"self":[{"href":"https:\/\/meriseuraturku.fi\/index.php?rest_route=\/wp\/v2\/posts\/3640","targetHints":{"allow":["GET"]}}],"collection":[{"href":"https:\/\/meriseuraturku.fi\/index.php?rest_route=\/wp\/v2\/posts"}],"about":[{"href":"https:\/\/meriseuraturku.fi\/index.php?rest_route=\/wp\/v2\/types\/post"}],"author":[{"embeddable":true,"href":"https:\/\/meriseuraturku.fi\/index.php?rest_route=\/wp\/v2\/users\/13"}],"replies":[{"embeddable":true,"href":"https:\/\/meriseuraturku.fi\/index.php?rest_route=%2Fwp%2Fv2%2Fcomments&post=3640"}],"version-history":[{"count":1,"href":"https:\/\/meriseuraturku.fi\/index.php?rest_route=\/wp\/v2\/posts\/3640\/revisions"}],"predecessor-version":[{"id":3641,"href":"https:\/\/meriseuraturku.fi\/index.php?rest_route=\/wp\/v2\/posts\/3640\/revisions\/3641"}],"wp:attachment":[{"href":"https:\/\/meriseuraturku.fi\/index.php?rest_route=%2Fwp%2Fv2%2Fmedia&parent=3640"}],"wp:term":[{"taxonomy":"category","embeddable":true,"href":"https:\/\/meriseuraturku.fi\/index.php?rest_route=%2Fwp%2Fv2%2Fcategories&post=3640"},{"taxonomy":"post_tag","embeddable":true,"href":"https:\/\/meriseuraturku.fi\/index.php?rest_route=%2Fwp%2Fv2%2Ftags&post=3640"}],"curies":[{"name":"wp","href":"https:\/\/api.w.org\/{rel}","templated":true}]}}